{"id":19215,"date":"2023-07-21T15:44:23","date_gmt":"2023-07-21T15:44:23","guid":{"rendered":"https:\/\/turkeycommercial.com\/turkiyenin-buyuk-mimari-harikasini-kesfedin\/"},"modified":"2023-08-03T14:44:46","modified_gmt":"2023-08-03T14:44:46","slug":"turkiyenin-buyuk-mimari-harikasini-kesfedin","status":"publish","type":"post","link":"https:\/\/turkeycommercial.com\/tr\/turkiyenin-buyuk-mimari-harikasini-kesfedin\/","title":{"rendered":"T\u00fcrkiye&#8217;nin B\u00fcy\u00fck Mimari Harikas\u0131n\u0131 Ke\u015ffedin"},"content":{"rendered":"\n<p>Mimarinin hayranl\u0131k uyand\u0131ran d\u00fcnyas\u0131nda bir yolculu\u011fa \u00e7\u0131kmaya haz\u0131r m\u0131s\u0131n\u0131z? \u015eehrin siluetini yeniden tan\u0131mlamak ve g\u00f6ren herkeste kal\u0131c\u0131 bir etki b\u0131rakmak \u00fczere tasarlanm\u0131\u015f, T\u00fcrkiye&#8217;nin en g\u00f6rkemli ba\u015fyap\u0131t\u0131 \u0130stanbul Tower 205&#8217;e ho\u015f geldiniz.<\/p>\n\n<p><strong>Kule&#8217;nin ihti\u015fam\u0131n\u0131 ortaya \u00e7\u0131karmak:<\/strong><\/p>\n\n<p>224.000 metrekarelik etkileyici bir in\u015faat alan\u0131na yay\u0131lan \u0130stanbul Tower 205, mimari parlakl\u0131\u011f\u0131n bir kan\u0131t\u0131 olarak dimdik ayakta duruyor. Burj Khalifa Kulesi ve One World Trade Center&#8217;\u0131n yeniden do\u011fu\u015fu gibi ikonik yap\u0131lar\u0131n arkas\u0131ndaki vizyoner beyinler olan \u00fcnl\u00fc Skidmore, Owings &amp; Merrill LLP (SOM) taraf\u0131ndan tasarlanan bu muhte\u015fem kule, daha \u00f6nce hi\u00e7 olmad\u0131\u011f\u0131 kadar yenilik ve zarafeti b\u00fcnyesinde bar\u0131nd\u0131r\u0131yor.<\/p>\n\n<p><strong>Y\u00fckseklik ve \u0130hti\u015fam\u0131n G\u00f6ky\u00fcz\u00fcne Do\u011fru Senfonisi:<\/strong><\/p>\n\n<p>\u015ea\u015f\u0131rt\u0131c\u0131 bir \u015fekilde 61 kata y\u00fckselen ve 228 metrelik \u015fa\u015f\u0131rt\u0131c\u0131 bir y\u00fcksekli\u011fe ula\u015fan \u0130stanbul Tower 205, her a\u00e7\u0131dan dikkat \u00e7ekiyor. P\u0131r\u0131l p\u0131r\u0131l cephesi, \u00f6n taraf\u0131nda Bo\u011faz&#8217;\u0131n, yan taraflar\u0131nda Karadeniz&#8217;in ve Hali\u00e7&#8217;in nefes kesici manzaralar\u0131n\u0131, arka taraf\u0131nda ise \u015fehrin b\u00fcy\u00fcleyici panoramas\u0131n\u0131 sunmaktad\u0131r. Bu sadece bir bina de\u011fil; sanat ve m\u00fchendisli\u011fin uyum i\u00e7indeki bir senfonisi.<\/p>\n\n<p><strong>S\u00fcrd\u00fcr\u00fclebilir Ya\u015fam\u0131n Y\u00fckseltilmesi:<\/strong><\/p>\n\n<p>Daha ye\u015fil bir yar\u0131n\u0131 kucaklayan \u0130stanbul Tower 205, s\u00fcrd\u00fcr\u00fclebilirlik ve \u00e7evre bilincine olan ba\u011fl\u0131l\u0131\u011f\u0131n\u0131n bir kan\u0131t\u0131 olarak LEED Gold standard\u0131n\u0131 gururla benimsiyor. Ye\u015fil \u00e7at\u0131lar, g\u00fcne\u015f panelleri ve enerji tasarruflu ayd\u0131nlatma ile donat\u0131lan kule, mimari harikalar\u0131n do\u011fayla nas\u0131l uyumlu bir \u015fekilde bir arada var olabilece\u011fini g\u00f6zler \u00f6n\u00fcne seriyor.<\/p>\n\n<p><strong>Bir \u0130lham ve Ba\u011flant\u0131 Cenneti:<\/strong><\/p>\n\n<p>\u0130stanbul Tower 205, dikkat \u00e7ekici d\u0131\u015f cephesinin \u00f6tesinde, podyumunda canl\u0131 bir sosyal merkeze d\u00f6n\u00fc\u015f\u00fcyor. Alanda bir konferans merkezi, bir oditoryum, son teknoloji \u00fcr\u00fcn\u00fc bir spor tesisi, rahat kafeler ve se\u00e7kin restoranlar bulunmaktad\u0131r. \u0130\u015f ve bo\u015f zaman\u0131n bu b\u00fcy\u00fcleyici kar\u0131\u015f\u0131m\u0131, bina sakinlerinin ve \u00e7evredeki toplumun bir araya gelip geli\u015febilece\u011fi bir vaha yarat\u0131yor.<\/p>\n\n<p><strong>Skyline&#8217;\u0131n Yeni B\u00f6l\u00fcm\u00fcn\u00fc Yazmak:<\/strong><\/p>\n\n<p>Ufku s\u00fcsleyen \u0130stanbul Tower 205 ile \u015fehrin silueti modernlik ve sofistikeli\u011fin yeni bir sayfas\u0131n\u0131 yaz\u0131yor. Gururla dimdik ayakta dururken, \u0130stanbul&#8217;un dinamizmini ve b\u00fcy\u00fcmesini yans\u0131tan mimari bir simge haline geliyor.<\/p>\n\n<p><strong>Gelece\u011fi Bug\u00fcnden Deneyimleyin:<\/strong><\/p>\n\n<p>\u0130stanbul Tower 205 sadece bir kule de\u011fil; vizyon ve ilerlemenin sembol\u00fcd\u00fcr. Gelin, mimarinin gelece\u011fini deneyimleyin ve olas\u0131l\u0131klar\u0131n sanat\u0131na tan\u0131k olun.<\/p>\n\n<p>\u0130stanbul Tower 205&#8217;i ke\u015ffedin ve zaman ve mek\u00e2nda ola\u011fan\u00fcst\u00fc bir yolculu\u011fa \u00e7\u0131k\u0131n. Hayallerin g\u00f6ky\u00fcz\u00fcne de\u011fdi\u011fi gelece\u011fe ho\u015f geldiniz!<\/p>\n","protected":false},"excerpt":{"rendered":"<p>Mimarinin hayranl\u0131k uyand\u0131ran d\u00fcnyas\u0131nda bir yolculu\u011fa \u00e7\u0131kmaya haz\u0131r m\u0131s\u0131n\u0131z? \u015eehrin siluetini yeniden tan\u0131mlamak ve g\u00f6ren herkeste kal\u0131c\u0131 bir etki b\u0131rakmak \u00fczere tasarlanm\u0131\u015f, T\u00fcrkiye&#8217;nin en g\u00f6rkemli ba\u015fyap\u0131t\u0131 \u0130stanbul Tower 205&#8217;e ho\u015f geldiniz. Kule&#8217;nin ihti\u015fam\u0131n\u0131 ortaya \u00e7\u0131karmak: 224.000 metrekarelik etkileyici bir in\u015faat alan\u0131na yay\u0131lan \u0130stanbul Tower 205, mimari parlakl\u0131\u011f\u0131n bir kan\u0131t\u0131 olarak dimdik ayakta duruyor. Burj Khalifa [&hellip;]<\/p>\n","protected":false},"author":1,"featured_media":18539,"comment_status":"open","ping_status":"open","sticky":false,"template":"","format":"standard","meta":{"footnotes":""},"categories":[100],"tags":[],"class_list":["post-19215","post","type-post","status-publish","format-standard","has-post-thumbnail","hentry","category-is-dunyasi"],"_links":{"self":[{"href":"https:\/\/turkeycommercial.com\/tr\/wp-json\/wp\/v2\/posts\/19215","targetHints":{"allow":["GET"]}}],"collection":[{"href":"https:\/\/turkeycommercial.com\/tr\/wp-json\/wp\/v2\/posts"}],"about":[{"href":"https:\/\/turkeycommercial.com\/tr\/wp-json\/wp\/v2\/types\/post"}],"author":[{"embeddable":true,"href":"https:\/\/turkeycommercial.com\/tr\/wp-json\/wp\/v2\/users\/1"}],"replies":[{"embeddable":true,"href":"https:\/\/turkeycommercial.com\/tr\/wp-json\/wp\/v2\/comments?post=19215"}],"version-history":[{"count":1,"href":"https:\/\/turkeycommercial.com\/tr\/wp-json\/wp\/v2\/posts\/19215\/revisions"}],"predecessor-version":[{"id":19216,"href":"https:\/\/turkeycommercial.com\/tr\/wp-json\/wp\/v2\/posts\/19215\/revisions\/19216"}],"wp:featuredmedia":[{"embeddable":true,"href":"https:\/\/turkeycommercial.com\/tr\/wp-json\/wp\/v2\/media\/18539"}],"wp:attachment":[{"href":"https:\/\/turkeycommercial.com\/tr\/wp-json\/wp\/v2\/media?parent=19215"}],"wp:term":[{"taxonomy":"category","embeddable":true,"href":"https:\/\/turkeycommercial.com\/tr\/wp-json\/wp\/v2\/categories?post=19215"},{"taxonomy":"post_tag","embeddable":true,"href":"https:\/\/turkeycommercial.com\/tr\/wp-json\/wp\/v2\/tags?post=19215"}],"curies":[{"name":"wp","href":"https:\/\/api.w.org\/{rel}","templated":true}]}}